[{"@context":"https:\/\/schema.org\/","@type":"Article","@id":"https:\/\/www.ajscr.cz\/deti-uveznene-na-v-siti\/#Article","mainEntityOfPage":"https:\/\/www.ajscr.cz\/deti-uveznene-na-v-siti\/","headline":"D\u011bti uv\u011bzn\u011bn\u00e9 na (v) s\u00edti","name":"D\u011bti uv\u011bzn\u011bn\u00e9 na (v) s\u00edti","description":"Dosp\u011bl\u00fd mu\u017e se rozvaluje nah\u00fd na r\u016f\u017eov\u00e9m ru\u010dn\u00edku. Na dal\u0161\u00edch fotografi\u00edch m\u00e1 n\u011bmeck\u00fd herec Wilson Gonzalez Ochsenknecht tv\u00e1\u0159 sk\u0159\u00edvanou pl\u00e1\u010dem, na jin\u00e9 j\u00ed m\u00e1 umazanou od ka\u0161e a sm\u011ble se d\u00edv\u00e1 do objektivu. Tento dvacetidev\u00edtilet\u00fd mu\u017e se nezbl\u00e1znil, jen poukazuje na fenom\u00e9n, kter\u00e9ho je dne\u0161n\u00ed sv\u011bt pln\u00fd. Je tv\u00e1\u0159\u00ed kampan\u011b, prost\u0159ednictv\u00edm kter\u00e9 se sna\u017eil jeden [&hellip;]","datePublished":"2019-07-14","dateModified":"2023-05-06","author":{"@type":"Person","@id":"https:\/\/www.ajscr.cz\/author\/#Person","name":"","url":"https:\/\/www.ajscr.cz\/author\/","identifier":1,"image":{"@type":"ImageObject","@id":"https:\/\/secure.gravatar.com\/avatar\/c4e504508c75b610a351629e223ddd0c5b7858df84b2b7deedc4e007bdf99fc8?s=96&d=mm&r=g","url":"https:\/\/secure.gravatar.com\/avatar\/c4e504508c75b610a351629e223ddd0c5b7858df84b2b7deedc4e007bdf99fc8?s=96&d=mm&r=g","height":96,"width":96}},"publisher":{"@type":"Organization","name":"ajscr.cz","logo":{"@type":"ImageObject","@id":"\/logo.png","url":"\/logo.png","width":600,"height":60}},"image":{"@type":"ImageObject","@id":"https:\/\/www.ajscr.cz\/wp-content\/uploads\/img_a349695_w2612_t1564823117.jpg","url":"https:\/\/www.ajscr.cz\/wp-content\/uploads\/img_a349695_w2612_t1564823117.jpg","height":0,"width":0},"url":"https:\/\/www.ajscr.cz\/deti-uveznene-na-v-siti\/","about":["Internet"],"wordCount":506,"articleBody":"Dosp\u011bl\u00fd mu\u017e se rozvaluje nah\u00fd na r\u016f\u017eov\u00e9m ru\u010dn\u00edku. Na dal\u0161\u00edch fotografi\u00edch m\u00e1 n\u011bmeck\u00fd herec Wilson Gonzalez Ochsenknecht tv\u00e1\u0159 sk\u0159\u00edvanou pl\u00e1\u010dem, na jin\u00e9 j\u00ed m\u00e1 umazanou od ka\u0161e a sm\u011ble se d\u00edv\u00e1 do objektivu. Tento dvacetidev\u00edtilet\u00fd mu\u017e se nezbl\u00e1znil, jen poukazuje na fenom\u00e9n, kter\u00e9ho je dne\u0161n\u00ed sv\u011bt pln\u00fd. Je tv\u00e1\u0159\u00ed kampan\u011b, prost\u0159ednictv\u00edm kter\u00e9 se sna\u017eil jeden z&nbsp;berl\u00ednsk\u00fdch blogger\u016f Toyah Diebel uk\u00e1zat, jak by to vypadalo, kdyby dosp\u011bl\u00ed na internetu odhalovali soukrom\u00ed takov\u00fdm zp\u016fsobem, jak\u00fdm to \u010din\u00ed u sv\u00fdch d\u011bt\u00ed.\tSta\u010d\u00ed p\u00e1r kliknut\u00ed a sn\u00edmek lze sd\u00edlet na Instagramu. S&nbsp;p\u0159\u00e1teli, zn\u00e1m\u00fdmi, mo\u017en\u00e1 i s&nbsp;\u00fapln\u011b ciz\u00edmi lidmi. Nebo jej m\u016f\u017eete poslat babi\u010dce a d\u011bdovi, kte\u0159\u00ed bydl\u00ed daleko, p\u0159es Whatsapp. Fotky d\u011bt\u00ed se vzn\u00e1\u0161ej\u00ed v&nbsp;internetov\u00e9m prostoru. Pro takov\u00e9to sd\u00edlen\u00ed rodi\u010dovsk\u00fdch z\u00e1\u017eitk\u016f u\u017e vznikl i term\u00edn &ndash; sharenting &ndash; kombinace slov share (=sd\u00edlet) a parenting (=rodi\u010dovstv\u00ed). Dosp\u011bl\u00fd si intuitivn\u011b sv\u00e9 soukrom\u00ed chr\u00e1n\u00ed a dob\u0159e si rozmysl\u00ed, jakou z&nbsp;fotek nebo ze&nbsp;soukrom\u00fdch informac\u00ed bude sd\u00edlet se sv\u011btem. V&nbsp;p\u0159\u00edpad\u011b soukrom\u00ed sv\u00fdch d\u011bt\u00ed se rodi\u010de \u010dasto chovaj\u00ed jinak. Fot\u00ed je ve van\u011b, v&nbsp;post\u00fdlce, ale i p\u0159i jin\u00fdch daleko&nbsp;choulostiv\u011bj\u0161\u00edch situac\u00edch.&nbsp;\tMedi\u00e1ln\u00ed psychologov\u00e9 v&nbsp;souvislosti s&nbsp;t\u00edmto trendem varuj\u00ed kriminalisty zab\u00fdvaj\u00edc\u00ed se kyberprostorem. To, co rodi\u010de d\u011blaj\u00ed bez vedlej\u0161\u00edch postrann\u00edch \u00famysl\u016f, m\u016f\u017ee toti\u017e b\u00fdt dokonce nebezpe\u010dn\u00e9. Na&nbsp;rozd\u00edl od fotografi\u00ed, kter\u00e9 m\u00e1me vystaven\u00e9 v&nbsp;r\u00e1me\u010dc\u00edch v&nbsp;ob\u00fdvac\u00edm pokoji, fotografie ze soci\u00e1ln\u00edch s\u00edt\u00ed nikdy nezmiz\u00ed. Facebook, kter\u00fd koupil i Whatsapp a Instagram, si ve sv\u00fdch podm\u00ednk\u00e1ch vyhrazuje pr\u00e1vo to, \u017ee m\u016f\u017ee fotografie v&nbsp;budoucnu p\u0159edat t\u0159et\u00edm stran\u00e1m.&nbsp;\t\tKdy\u017e se nap\u0159\u00edklad na Facebook poprv\u00e9 p\u0159ihl\u00e1s\u00ed \u0161estn\u00e1ctilet\u00fd teenager, m\u016f\u017ee si jej tato spole\u010dnost snadno propojit se star\u0161\u00edmi fotkami a daty, kter\u00e9 na n\u011bj um\u00edstili jeho rodi\u010de. Na z\u00e1klad\u011b v\u0161ech ve\u0159ejn\u00fdch informac\u00ed lze s&nbsp;takov\u00fdmto teenagerem snadno manipulovat, podsouvat mu pomoc\u00ed r\u016fzn\u00fdch \u010dl\u00e1nk\u016f a reklam, co m\u00e1 \u010d\u00edst nebo si koupit. Dal\u0161\u00edm riziko p\u0159edstavuje \u0161ikana, kter\u00e1 m\u016f\u017ee b\u00fdt p\u00e1ch\u00e1na na d\u011btech, jejich\u017e rodi\u010de jejich soukrom\u00ed na soci\u00e1ln\u00edch s\u00edt\u00edch. Sn\u00edmky se po p\u00e1r letech mohou st\u00e1t ter\u010dem posm\u011b\u0161k\u016f. Rodi\u010de by si tedy m\u011bli p\u0159edem d\u016fkladn\u011b promyslet, jak\u00e9 a kolik fotek vystavovat na internetu. Plat\u00ed jednoduch\u00e9 pravidlo: \u010d\u00edm m\u00e9n\u011b, t\u00edm l\u00e9pe.&nbsp;                                                                                                                                                                                                                                                                                                                                                                                        4\/5 - (8 votes)        "},{"@context":"https:\/\/schema.org\/","@type":"BreadcrumbList","itemListElement":[{"@type":"ListItem","position":1,"name":"D\u011bti uv\u011bzn\u011bn\u00e9 na (v) s\u00edti","item":"https:\/\/www.ajscr.cz\/deti-uveznene-na-v-siti\/#breadcrumbitem"}]}]