[{"@context":"https:\/\/schema.org\/","@type":"Article","@id":"https:\/\/www.ajscr.cz\/nejen-prakticke-ale-i-na-pohled-pekne\/#Article","mainEntityOfPage":"https:\/\/www.ajscr.cz\/nejen-prakticke-ale-i-na-pohled-pekne\/","headline":"Nejen praktick\u00e9, ale i na pohled p\u011bkn\u00e9","name":"Nejen praktick\u00e9, ale i na pohled p\u011bkn\u00e9","description":"&#13; Interi\u00e9r byt\u016f a dom\u016f se skl\u00e1d\u00e1 z mnoha velk\u00fdch v\u011bc\u00ed a mal\u00fdch drobnost\u00ed. Sou\u010d\u00e1st\u00ed toho v\u0161eho by m\u011bl b\u00fdt i elektroinstala\u010dn\u00ed materi\u00e1l . &#13; &#13; P\u0159i vyb\u00edr\u00e1n\u00ed koberc\u016f, podlahov\u00e9 krytiny, ob\u00fdvac\u00ed st\u011bny, sedac\u00ed soupravy nebo malby se sna\u017e\u00edme v\u0161e sladit, aby celkov\u00fd dojem byl co nejlep\u0161\u00ed a lahodil na\u0161emu oku. Nem\u011bli bychom ale zapom\u00ednat [&hellip;]","datePublished":"2018-08-27","dateModified":"2023-05-06","author":{"@type":"Person","@id":"https:\/\/www.ajscr.cz\/author\/#Person","name":"","url":"https:\/\/www.ajscr.cz\/author\/","identifier":1,"image":{"@type":"ImageObject","@id":"https:\/\/secure.gravatar.com\/avatar\/c4e504508c75b610a351629e223ddd0c5b7858df84b2b7deedc4e007bdf99fc8?s=96&d=mm&r=g","url":"https:\/\/secure.gravatar.com\/avatar\/c4e504508c75b610a351629e223ddd0c5b7858df84b2b7deedc4e007bdf99fc8?s=96&d=mm&r=g","height":96,"width":96}},"publisher":{"@type":"Organization","name":"ajscr.cz","logo":{"@type":"ImageObject","@id":"\/logo.png","url":"\/logo.png","width":600,"height":60}},"image":{"@type":"ImageObject","@id":"https:\/\/www.ajscr.cz\/wp-content\/uploads\/img_a323448_w2612_t1535095292.jpg","url":"https:\/\/www.ajscr.cz\/wp-content\/uploads\/img_a323448_w2612_t1535095292.jpg","height":0,"width":0},"url":"https:\/\/www.ajscr.cz\/nejen-prakticke-ale-i-na-pohled-pekne\/","about":["Elektro\r"],"wordCount":423,"articleBody":"&#13; Interi\u00e9r byt\u016f a dom\u016f se skl\u00e1d\u00e1 z mnoha velk\u00fdch v\u011bc\u00ed a mal\u00fdch drobnost\u00ed. Sou\u010d\u00e1st\u00ed toho v\u0161eho by m\u011bl b\u00fdt i elektroinstala\u010dn\u00ed materi\u00e1l .&#13; &#13; P\u0159i vyb\u00edr\u00e1n\u00ed koberc\u016f, podlahov\u00e9 krytiny, ob\u00fdvac\u00ed st\u011bny, sedac\u00ed soupravy nebo malby se sna\u017e\u00edme v\u0161e sladit, aby celkov\u00fd dojem byl co nejlep\u0161\u00ed a lahodil na\u0161emu oku. Nem\u011bli bychom ale zapom\u00ednat ani na z\u00e1suvky a vyp\u00edna\u010de. Na\u0161t\u011bst\u00ed v\u00fdrobci pamatovali na to, \u017ee b\u011b\u017en\u00fd b\u00edl\u00fd materi\u00e1l u\u017e nen\u00ed zrovna in a tak na trh dod\u00e1vaj\u00ed st\u00e1le nov\u011bj\u0161\u00ed a modern\u011bj\u0161\u00ed variace co se t\u00fdk\u00e1 jak tvar\u016f, tak i barev.&#13; &#13; Jedine\u010dn\u00fdm a origin\u00e1ln\u00edm \u0159e\u0161en\u00edm jsou vyp\u00edna\u010de, u kter\u00fdch m\u016f\u017eete m\u011bnit barvu podle toho, jak\u00fdm odst\u00ednem zrovna vymalujete zdi. Nen\u00ed nic jednodu\u0161\u0161\u00edho ne\u017e vym\u011bnit r\u00e1me\u010dky z\u00e1suvek a vyp\u00edna\u010d\u016f. Tuto mo\u017enost ur\u010dit\u011b ocen\u00ed ten, kdo velmi \u010dasto m\u011bn\u00ed barvu st\u011bn v m\u00edstnosti. &#13; &#13; Vyznava\u010di retro stylu si tak\u00e9 p\u0159ijdou na sv\u00e9 se stylem p\u0159ipom\u00ednaj\u00edc\u00edm porcel\u00e1nov\u00e9 vyp\u00edna\u010de, se kter\u00fdmi u\u017e se dnes m\u00e1lokdy setk\u00e1te. Hod\u00ed se p\u0159edev\u0161\u00edm tam, kde jsou m\u00edstnosti vybaveny p\u0159\u00edrodn\u00edm n\u00e1bytkem. &#13; &#13; Modern\u00ed a nad\u010dasov\u00e9 jsou materi\u00e1ly jako sklo nebo k\u00e1men. Na p\u0159\u00edznivce tohoto nad\u010dasov\u00e9ho stylu mysleli i n\u00e1vrh\u00e1\u0159i a proto sv\u011btlo sv\u011bta spat\u0159ily vyp\u00edna\u010de a z\u00e1suvky p\u0159ipom\u00ednaj\u00edc\u00ed p\u0159\u00edrodn\u00ed materi\u00e1ly. &#13; &#13; Jestli\u017ee v\u00e1m vad\u00ed p\u0159\u00edtomnost z\u00e1suvek a vyp\u00edna\u010d\u016f r\u016fzn\u011b rozeset\u00fdch po zdech, pak jsou ur\u010deny p\u0159\u00edmo v\u00e1m kousky, kter\u00e9 jsou sou\u010d\u00e1st\u00ed zd\u00ed samotn\u00fdch a d\u00edky tomu splynou se zd\u00ed jako takovou. Pokr\u00fdt se daj\u00ed kouskem tapety.&#13; &#13; Zvl\u00e1\u0161tn\u00ed styl m\u00edstnosti um\u00ed d\u00e1t z\u00e1suvky se zabudovan\u00fdm LED osv\u011btlen\u00edm, kter\u00e9 je nainstalov\u00e1no p\u0159\u00edmo v tla\u010d\u00edtku. &#13; &#13; Obzvl\u00e1\u0161t\u011b d\u011bti ocen\u00ed mo\u017enost nalepit si a vyzdobit vyp\u00edna\u010de vesel\u00fdmi samolepkami, kter\u00e9 jsou nab\u00edzeny v nespo\u010dtu barv\u00e1ch a variac\u00edch. &#13; &#13; A\u0165 u\u017e se rozhodnete pro jak\u00fdkoliv styl, v \u017e\u00e1dn\u00e9m p\u0159\u00edpad\u011b to nesni\u017euje kvalitu a \u00farove\u0148 elektroinstalace. Pro\u010d by m\u011bla b\u00fdt jen v\u00fdkonn\u00e1, kdy m\u016f\u017ee b\u00fdt i dekorativn\u00ed. &#13; &#13;  &#13;                                                                                                                                                                                                                                                                                                                                                                                         4.7\/5 - (7 votes)        "},{"@context":"https:\/\/schema.org\/","@type":"BreadcrumbList","itemListElement":[{"@type":"ListItem","position":1,"name":"Nejen praktick\u00e9, ale i na pohled p\u011bkn\u00e9","item":"https:\/\/www.ajscr.cz\/nejen-prakticke-ale-i-na-pohled-pekne\/#breadcrumbitem"}]}]