[{"@context":"https:\/\/schema.org\/","@type":"Article","@id":"https:\/\/www.ajscr.cz\/vedeni-ucetnictvi\/#Article","mainEntityOfPage":"https:\/\/www.ajscr.cz\/vedeni-ucetnictvi\/","headline":"Veden\u00ed \u00fa\u010detnictv\u00ed","name":"Veden\u00ed \u00fa\u010detnictv\u00ed","description":"B\u00fdt drobn\u00fdm podnikatelem \u010di \u017eivnostn\u00edkem nemus\u00ed b\u00fdt v\u016fbec \u017e\u00e1dn\u00fd med, jak si to \u010dasto p\u0159edstavuj\u00ed lid\u00e9, kte\u0159\u00ed nikdy podnikat nezkou\u0161eli. Nev\u011bd\u00ed ani, \u017ee je nutn\u00e9 pe\u010dliv\u011b si v\u00e9st veden\u00ed \u00fa\u010detnictv\u00ed&#8230; A nev\u00ed tak\u00e9 spoustu dal\u0161\u00edch v\u011bc\u00ed&#8230; Spoustu dal\u0161\u00edch v\u011bc\u00ed a spoustu probl\u00e9m\u016f a pot\u00ed\u017e\u00ed, kter\u00e9 se musej\u00ed \u0159e\u0161it \u010dasto operativn\u011b. Stejn\u00e9 je to i s [&hellip;]","datePublished":"2025-03-05","dateModified":"2025-03-05","author":{"@type":"Person","@id":"https:\/\/www.ajscr.cz\/author\/#Person","name":"","url":"https:\/\/www.ajscr.cz\/author\/","identifier":1,"image":{"@type":"ImageObject","@id":"https:\/\/secure.gravatar.com\/avatar\/c4e504508c75b610a351629e223ddd0c5b7858df84b2b7deedc4e007bdf99fc8?s=96&d=mm&r=g","url":"https:\/\/secure.gravatar.com\/avatar\/c4e504508c75b610a351629e223ddd0c5b7858df84b2b7deedc4e007bdf99fc8?s=96&d=mm&r=g","height":96,"width":96}},"publisher":{"@type":"Organization","name":"ajscr.cz","logo":{"@type":"ImageObject","@id":"\/logo.png","url":"\/logo.png","width":600,"height":60}},"url":"https:\/\/www.ajscr.cz\/vedeni-ucetnictvi\/","wordCount":187,"articleBody":"B\u00fdt drobn\u00fdm podnikatelem \u010di \u017eivnostn\u00edkem nemus\u00ed b\u00fdt v\u016fbec \u017e\u00e1dn\u00fd med, jak si to \u010dasto p\u0159edstavuj\u00ed lid\u00e9, kte\u0159\u00ed nikdy podnikat nezkou\u0161eli. Nev\u011bd\u00ed ani, \u017ee je nutn\u00e9 pe\u010dliv\u011b si v\u00e9st veden\u00ed \u00fa\u010detnictv\u00ed&#8230; A nev\u00ed tak\u00e9 spoustu dal\u0161\u00edch v\u011bc\u00ed&#8230;Spoustu dal\u0161\u00edch v\u011bc\u00ed a spoustu probl\u00e9m\u016f a pot\u00ed\u017e\u00ed, kter\u00e9 se musej\u00ed \u0159e\u0161it \u010dasto operativn\u011b. Stejn\u00e9 je to i s veden\u00ed\u00fa\u010detnictv\u00ed, kter\u00e9 nen\u00ed d\u011bl\u00e1no tak, jak bychom si p\u0159edstavovali. S t\u00edm pak mus\u00edme \u0159e\u0161it dal\u0161\u00ed, nabaluj\u00edc\u00ed se probl\u00e9my, kter\u00e9 n\u00e1s \u010dasto tr\u00e1p\u00ed i ve snech, nem\u016f\u017eeme na n\u011b zkr\u00e1tka p\u0159estat myslet.Odpo\u010dinek od stresuP\u0159itom \u010dasto sta\u010d\u00ed jen m\u00e1lo a my si m\u016f\u017eeme klidn\u011b oddechnout, \u017ee probl\u00e9m je vy\u0159e\u0161en. Sta\u010d\u00ed jen m\u00e1lo, jen\u017ee to my \u010dasto nevid\u00edme a tak se zbyte\u010dn\u011b tr\u00e1p\u00edme. P\u0159ehledn\u00e9 veden\u00ed \u00fa\u010detnictv\u00ed zaji\u0161t\u011bn\u00e9 odborn\u00edkem V\u00e1m pom\u016f\u017ee d\u00e1t si pot\u0159ebnou pauzu od necht\u011bn\u00fdch probl\u00e9m\u016f&#8230;                                                                                                                                                                                                                                                                                                                                                                                        4\/5 - (2 votes)        "},{"@context":"https:\/\/schema.org\/","@type":"BreadcrumbList","itemListElement":[{"@type":"ListItem","position":1,"name":"Veden\u00ed \u00fa\u010detnictv\u00ed","item":"https:\/\/www.ajscr.cz\/vedeni-ucetnictvi\/#breadcrumbitem"}]}]